{"id":1125,"date":"2023-03-22T17:17:16","date_gmt":"2023-03-22T15:17:16","guid":{"rendered":"https:\/\/csmacampagne.be\/secondaire\/?p=1125"},"modified":"2023-04-16T10:38:38","modified_gmt":"2023-04-16T08:38:38","slug":"zetaient-chouettes-les-cabines-du-bord-de-mer","status":"publish","type":"post","link":"https:\/\/csmacampagne.be\/secondaire\/zetaient-chouettes-les-cabines-du-bord-de-mer\/","title":{"rendered":"Z&rsquo;\u00e9taient chouettes les cabines du bord de mer"},"content":{"rendered":"\n<p>Il se passe toujours quelque chose au Centre Scolaire de Ma Campagne.<\/p>\n\n\n\n<p>Destination <strong>Mer du Nord<\/strong> pour les \u00e9l\u00e8ves de 6 et 7\u00e8me de la <strong>section artistique<\/strong> du CSMC avec le concours<strong> CABIN-ART<\/strong> de Saint-Idesbald (7\u00e8me Pub) et une journ\u00e9e grand air \u00e0 Ostende ponctu\u00e9e de la visite du <strong>Mercator<\/strong> (6\u00e8me Pub).<\/p>\n\n\n\n<p>Dans le cadre du programme \u00ab\u00a0<strong>La haine, je dis non<\/strong> !\u00a0\u00bb, les <strong>5\u00e8me Pub<\/strong> se sont rendus \u00e0 Malines et \u00e0 Breendonck pour visiter la caserne Dossin et le fort. Des visites prenantes pour devenir aussi t\u00e9moin de l&rsquo;histoire.<\/p>\n\n\n\n<p>Le <strong>th\u00e9\u00e2tre de la Monnaie<\/strong> a accueilli les 5, 6\u00e8me D\u00e9co et Pub pour une repr\u00e9sentation de l&rsquo;op\u00e9ra \u00ab\u00a0<strong>BASTARDA<\/strong>\u00ab\u00a0. Ambiance chic, d\u00e9cors majestueux et costumes extaordinaires au programme.<\/p>\n\n\n\n<p><a href=\"https:\/\/csmacampagne.be\/secondaire\/wp-content\/uploads\/2023\/03\/news-avril-2023.pdf\" target=\"_blank\" rel=\"noreferrer noopener\">T\u00e9l\u00e9charger les news d&rsquo;avril<\/a><\/p>\n\n\n<a href=\"https:\/\/csmacampagne.be\/secondaire\/wp-content\/uploads\/2023\/03\/news-avril-2023.pdf\" class=\"pdfemb-viewer\" style=\"\" data-width=\"max\" data-height=\"max\" data-toolbar=\"bottom\" data-toolbar-fixed=\"off\">news-avril-2023<\/a>\n<p class=\"wp-block-pdfemb-pdf-embedder-viewer\"><\/p>\n","protected":false},"excerpt":{"rendered":"<p>Il se passe toujours quelque chose au Centre Scolaire de Ma Campagne. Destination Mer du Nord pour les \u00e9l\u00e8ves de 6 et 7\u00e8me de la section artistique du CSMC avec le concours CABIN-ART de Saint-Idesbald (7\u00e8me Pub) et une journ\u00e9e grand air \u00e0 Ostende ponctu\u00e9e de la visite du Mercator (6\u00e8me Pub). Dans le cadre du programme \u00ab\u00a0La haine, je dis non !\u00a0\u00bb, les 5\u00e8me Pub se sont rendus \u00e0 Malines et \u00e0 Breendonck pour visiter la caserne Dossin et&#8230;<\/p>\n<p class=\"read-more\"><a class=\"btn btn-default\" href=\"https:\/\/csmacampagne.be\/secondaire\/zetaient-chouettes-les-cabines-du-bord-de-mer\/\"> Read More<span class=\"screen-reader-text\">  Read More<\/span><\/a><\/p>\n","protected":false},"author":3,"featured_media":0,"comment_status":"closed","ping_status":"closed","sticky":false,"template":"","format":"standard","meta":{"footnotes":""},"categories":[9,7,8],"tags":[],"class_list":["post-1125","post","type-post","status-publish","format-standard","hentry","category-a-la-une","category-decopub","category-vie-de-lecole"],"_links":{"self":[{"href":"https:\/\/csmacampagne.be\/secondaire\/wp-json\/wp\/v2\/posts\/1125","targetHints":{"allow":["GET"]}}],"collection":[{"href":"https:\/\/csmacampagne.be\/secondaire\/wp-json\/wp\/v2\/posts"}],"about":[{"href":"https:\/\/csmacampagne.be\/secondaire\/wp-json\/wp\/v2\/types\/post"}],"author":[{"embeddable":true,"href":"https:\/\/csmacampagne.be\/secondaire\/wp-json\/wp\/v2\/users\/3"}],"replies":[{"embeddable":true,"href":"https:\/\/csmacampagne.be\/secondaire\/wp-json\/wp\/v2\/comments?post=1125"}],"version-history":[{"count":2,"href":"https:\/\/csmacampagne.be\/secondaire\/wp-json\/wp\/v2\/posts\/1125\/revisions"}],"predecessor-version":[{"id":1128,"href":"https:\/\/csmacampagne.be\/secondaire\/wp-json\/wp\/v2\/posts\/1125\/revisions\/1128"}],"wp:attachment":[{"href":"https:\/\/csmacampagne.be\/secondaire\/wp-json\/wp\/v2\/media?parent=1125"}],"wp:term":[{"taxonomy":"category","embeddable":true,"href":"https:\/\/csmacampagne.be\/secondaire\/wp-json\/wp\/v2\/categories?post=1125"},{"taxonomy":"post_tag","embeddable":true,"href":"https:\/\/csmacampagne.be\/secondaire\/wp-json\/wp\/v2\/tags?post=1125"}],"curies":[{"name":"wp","href":"https:\/\/api.w.org\/{rel}","templated":true}]}}