{"id":1395,"date":"2025-03-17T10:45:16","date_gmt":"2025-03-17T08:45:16","guid":{"rendered":"https:\/\/csmacampagne.be\/secondaire\/?p=1395"},"modified":"2025-03-17T10:45:16","modified_gmt":"2025-03-17T08:45:16","slug":"portes-ouvertes-festives-2025-levenement-incontournable-du-csmc","status":"publish","type":"post","link":"https:\/\/csmacampagne.be\/secondaire\/portes-ouvertes-festives-2025-levenement-incontournable-du-csmc\/","title":{"rendered":"Portes ouvertes festives 2025, l&rsquo;\u00e9v\u00e9nement incontournable du CSMC."},"content":{"rendered":"\n<p><strong>Pr\u00e9sentation<\/strong> des sections, <strong>expositions<\/strong>, <strong>animations<\/strong> et <strong>d\u00e9monstrations<\/strong> sportives. Venez d\u00e9couvrir la richesse de notre \u00e9cole le temps d&rsquo;une apr\u00e8s-midi.<\/p>\n\n\n\n<p>Les inscriptions seront \u00e9galement possibles !<\/p>\n\n\n\n<p>Et pourquoi ne pas en profiter pour prolonger la journ\u00e9e par les \u00ab\u00a0<strong>Rythms of Ma Campagne<\/strong>\u00a0\u00bb : Concerts musique et d\u00e9couvertes.<\/p>\n\n\n\n<figure class=\"wp-block-image size-large\"><img loading=\"lazy\" decoding=\"async\" width=\"724\" height=\"1024\" src=\"https:\/\/csmacampagne.be\/secondaire\/wp-content\/uploads\/2025\/03\/CSMC-affiche-porte-ouverte-2025-724x1024.jpg\" alt=\"\" class=\"wp-image-1396\" srcset=\"https:\/\/csmacampagne.be\/secondaire\/wp-content\/uploads\/2025\/03\/CSMC-affiche-porte-ouverte-2025-724x1024.jpg 724w, https:\/\/csmacampagne.be\/secondaire\/wp-content\/uploads\/2025\/03\/CSMC-affiche-porte-ouverte-2025-212x300.jpg 212w, https:\/\/csmacampagne.be\/secondaire\/wp-content\/uploads\/2025\/03\/CSMC-affiche-porte-ouverte-2025-768x1086.jpg 768w, https:\/\/csmacampagne.be\/secondaire\/wp-content\/uploads\/2025\/03\/CSMC-affiche-porte-ouverte-2025-1086x1536.jpg 1086w, https:\/\/csmacampagne.be\/secondaire\/wp-content\/uploads\/2025\/03\/CSMC-affiche-porte-ouverte-2025-1448x2048.jpg 1448w, https:\/\/csmacampagne.be\/secondaire\/wp-content\/uploads\/2025\/03\/CSMC-affiche-porte-ouverte-2025-191x270.jpg 191w, https:\/\/csmacampagne.be\/secondaire\/wp-content\/uploads\/2025\/03\/CSMC-affiche-porte-ouverte-2025-scaled.jpg 1810w\" sizes=\"auto, (max-width: 724px) 100vw, 724px\" \/><\/figure>\n\n\n\n<figure class=\"wp-block-image size-large\"><img loading=\"lazy\" decoding=\"async\" width=\"724\" height=\"1024\" src=\"https:\/\/csmacampagne.be\/secondaire\/wp-content\/uploads\/2025\/03\/RMC-Portes-ouvertes-RMC-2025-724x1024.jpg\" alt=\"\" class=\"wp-image-1397\" srcset=\"https:\/\/csmacampagne.be\/secondaire\/wp-content\/uploads\/2025\/03\/RMC-Portes-ouvertes-RMC-2025-724x1024.jpg 724w, https:\/\/csmacampagne.be\/secondaire\/wp-content\/uploads\/2025\/03\/RMC-Portes-ouvertes-RMC-2025-212x300.jpg 212w, https:\/\/csmacampagne.be\/secondaire\/wp-content\/uploads\/2025\/03\/RMC-Portes-ouvertes-RMC-2025-768x1086.jpg 768w, https:\/\/csmacampagne.be\/secondaire\/wp-content\/uploads\/2025\/03\/RMC-Portes-ouvertes-RMC-2025-1086x1536.jpg 1086w, https:\/\/csmacampagne.be\/secondaire\/wp-content\/uploads\/2025\/03\/RMC-Portes-ouvertes-RMC-2025-1448x2048.jpg 1448w, https:\/\/csmacampagne.be\/secondaire\/wp-content\/uploads\/2025\/03\/RMC-Portes-ouvertes-RMC-2025-191x270.jpg 191w, https:\/\/csmacampagne.be\/secondaire\/wp-content\/uploads\/2025\/03\/RMC-Portes-ouvertes-RMC-2025-scaled.jpg 1810w\" sizes=\"auto, (max-width: 724px) 100vw, 724px\" \/><\/figure>\n","protected":false},"excerpt":{"rendered":"<p>Pr\u00e9sentation des sections, expositions, animations et d\u00e9monstrations sportives. Venez d\u00e9couvrir la richesse de notre \u00e9cole le temps d&rsquo;une apr\u00e8s-midi. Les inscriptions seront \u00e9galement possibles ! Et pourquoi ne pas en profiter pour prolonger la journ\u00e9e par les \u00ab\u00a0Rythms of Ma Campagne\u00a0\u00bb : Concerts musique et d\u00e9couvertes.<\/p>\n","protected":false},"author":3,"featured_media":0,"comment_status":"closed","ping_status":"closed","sticky":false,"template":"","format":"standard","meta":{"footnotes":""},"categories":[9,1,8],"tags":[],"class_list":["post-1395","post","type-post","status-publish","format-standard","hentry","category-a-la-une","category-rockin","category-vie-de-lecole"],"_links":{"self":[{"href":"https:\/\/csmacampagne.be\/secondaire\/wp-json\/wp\/v2\/posts\/1395","targetHints":{"allow":["GET"]}}],"collection":[{"href":"https:\/\/csmacampagne.be\/secondaire\/wp-json\/wp\/v2\/posts"}],"about":[{"href":"https:\/\/csmacampagne.be\/secondaire\/wp-json\/wp\/v2\/types\/post"}],"author":[{"embeddable":true,"href":"https:\/\/csmacampagne.be\/secondaire\/wp-json\/wp\/v2\/users\/3"}],"replies":[{"embeddable":true,"href":"https:\/\/csmacampagne.be\/secondaire\/wp-json\/wp\/v2\/comments?post=1395"}],"version-history":[{"count":1,"href":"https:\/\/csmacampagne.be\/secondaire\/wp-json\/wp\/v2\/posts\/1395\/revisions"}],"predecessor-version":[{"id":1398,"href":"https:\/\/csmacampagne.be\/secondaire\/wp-json\/wp\/v2\/posts\/1395\/revisions\/1398"}],"wp:attachment":[{"href":"https:\/\/csmacampagne.be\/secondaire\/wp-json\/wp\/v2\/media?parent=1395"}],"wp:term":[{"taxonomy":"category","embeddable":true,"href":"https:\/\/csmacampagne.be\/secondaire\/wp-json\/wp\/v2\/categories?post=1395"},{"taxonomy":"post_tag","embeddable":true,"href":"https:\/\/csmacampagne.be\/secondaire\/wp-json\/wp\/v2\/tags?post=1395"}],"curies":[{"name":"wp","href":"https:\/\/api.w.org\/{rel}","templated":true}]}}