{"id":894,"date":"2022-10-17T21:57:39","date_gmt":"2022-10-17T19:57:39","guid":{"rendered":"https:\/\/csmacampagne.be\/secondaire\/?p=894"},"modified":"2022-10-17T22:05:27","modified_gmt":"2022-10-17T20:05:27","slug":"retrospective-erasmus-2021","status":"publish","type":"post","link":"https:\/\/csmacampagne.be\/secondaire\/retrospective-erasmus-2021\/","title":{"rendered":"R\u00e9trospective Erasmus+ 2021"},"content":{"rendered":"\n<p>L\u2019ann\u00e9e derni\u00e8re, apr\u00e8s un report d\u2019un an en raison de l\u2019\u00e9pid\u00e9mie de Covid, nos \u00e9l\u00e8ves de<strong> 7\u00e8me pu\u00e9riculture<\/strong> ont enfin pu mener \u00e0 bien leur projet <strong>Erasmus+<\/strong>.<\/p>\n\n\n<div class=\"wp-block-image is-style-default\">\n<figure class=\"alignleft size-full is-resized\"><img loading=\"lazy\" decoding=\"async\" src=\"https:\/\/csmacampagne.be\/secondaire\/wp-content\/uploads\/2022\/10\/erasmus-plus-logo_0.jpg\" alt=\"\" class=\"wp-image-910\" width=\"294\" height=\"155\" srcset=\"https:\/\/csmacampagne.be\/secondaire\/wp-content\/uploads\/2022\/10\/erasmus-plus-logo_0.jpg 502w, https:\/\/csmacampagne.be\/secondaire\/wp-content\/uploads\/2022\/10\/erasmus-plus-logo_0-300x158.jpg 300w\" sizes=\"auto, (max-width: 294px) 100vw, 294px\" \/><\/figure>\n<\/div>\n\n\n<p>Quelques mois de pr\u00e9paration, beaucoup d\u2019investissement de leur part, une motivation extraordinaire et ils \u00e9taient pr\u00eats pour le voyage.<\/p>\n\n\n\n<p>Un voyage qui les a emmen\u00e9s \u00e0 <strong>Montpellier<\/strong> dans le sud de la France pour y effectuer le dernier stage de leur formation.<\/p>\n\n\n\n<p>Quatre semaines dans les <strong>cr\u00e8ches<\/strong> de la ville pour d\u00e9couvrir une autre approche du monde de la petite enfance. Quatre semaines pour d\u00e9couvrir la r\u00e9gion, sa culture, ses paysages, son mode de vie. Mais aussi et surtout quatre semaines d\u2019une aventure humaine et professionnelle extraordinaire \u00e0 plus d\u2019un titre.<\/p>\n\n\n<div class=\"wp-block-image is-style-default\">\n<figure class=\"alignright size-large is-resized\"><img loading=\"lazy\" decoding=\"async\" src=\"https:\/\/csmacampagne.be\/secondaire\/wp-content\/uploads\/2022\/10\/Visite-du-parlement-Europeen-1024x1024.jpg\" alt=\"\" class=\"wp-image-906\" width=\"303\" height=\"303\" srcset=\"https:\/\/csmacampagne.be\/secondaire\/wp-content\/uploads\/2022\/10\/Visite-du-parlement-Europeen-1024x1024.jpg 1024w, https:\/\/csmacampagne.be\/secondaire\/wp-content\/uploads\/2022\/10\/Visite-du-parlement-Europeen-300x300.jpg 300w, https:\/\/csmacampagne.be\/secondaire\/wp-content\/uploads\/2022\/10\/Visite-du-parlement-Europeen-150x150.jpg 150w, https:\/\/csmacampagne.be\/secondaire\/wp-content\/uploads\/2022\/10\/Visite-du-parlement-Europeen-768x768.jpg 768w, https:\/\/csmacampagne.be\/secondaire\/wp-content\/uploads\/2022\/10\/Visite-du-parlement-Europeen-1536x1536.jpg 1536w, https:\/\/csmacampagne.be\/secondaire\/wp-content\/uploads\/2022\/10\/Visite-du-parlement-Europeen-270x270.jpg 270w, https:\/\/csmacampagne.be\/secondaire\/wp-content\/uploads\/2022\/10\/Visite-du-parlement-Europeen.jpg 1800w\" sizes=\"auto, (max-width: 303px) 100vw, 303px\" \/><\/figure>\n<\/div>\n\n\n<p><strong>Donner du sens dans l\u2019enseignement<\/strong>, <strong>remotiver<\/strong>, <strong>lutter contre le d\u00e9crochage scolaire<\/strong>, sont autant de raisons qui ont pouss\u00e9 les professeurs et le directeur de notre \u00e9cole \u00e0 se lancer dans cette aventure.<\/p>\n\n\n\n<p>Nous sommes heureux de voir \u00e0 quel point et sur un si court terme, ce projet \u00e0 pu faire changer la dynamique au sein de notre option<strong> pu\u00e9riculture<\/strong>.<\/p>\n\n\n\n<p>C\u2019est pourquoi cette ann\u00e9e encore <strong>nous relan\u00e7ons le projet<\/strong>. Tous attendent avec impatience le mois de mai et le jour du d\u00e9part. Mais tout cela se pr\u00e9pare\u2026 Au sein des cours, par le biais d\u2019activit\u00e9s, de visites, etc.<\/p>\n\n\n\n<p>Voici quelques photos qui vous donneront un petit aper\u00e7u de ce qu\u2019a \u00e9t\u00e9 la 1\u00e8re exp\u00e9rience 2021 \u2013 2022. Nous ne manquerons pas de vous partager notre <strong>Erasmus+<\/strong> cuv\u00e9e 2022 \u2013 2023.<\/p>\n\n\n\n<p>A tr\u00e8s bient\u00f4t<\/p>\n\n\n\n<figure class=\"wp-block-gallery has-nested-images columns-default is-cropped wp-block-gallery-1 is-layout-flex wp-block-gallery-is-layout-flex\">\n<figure class=\"wp-block-image size-large is-style-default\"><a href=\"https:\/\/csmacampagne.be\/secondaire\/wp-content\/uploads\/2022\/10\/Arrivee-gare-St-Roch-1.jpg\"><img loading=\"lazy\" decoding=\"async\" width=\"960\" height=\"960\" data-id=\"896\" src=\"https:\/\/csmacampagne.be\/secondaire\/wp-content\/uploads\/2022\/10\/Arrivee-gare-St-Roch-1.jpg\" alt=\"\" class=\"wp-image-896\" srcset=\"https:\/\/csmacampagne.be\/secondaire\/wp-content\/uploads\/2022\/10\/Arrivee-gare-St-Roch-1.jpg 960w, https:\/\/csmacampagne.be\/secondaire\/wp-content\/uploads\/2022\/10\/Arrivee-gare-St-Roch-1-300x300.jpg 300w, https:\/\/csmacampagne.be\/secondaire\/wp-content\/uploads\/2022\/10\/Arrivee-gare-St-Roch-1-150x150.jpg 150w, https:\/\/csmacampagne.be\/secondaire\/wp-content\/uploads\/2022\/10\/Arrivee-gare-St-Roch-1-768x768.jpg 768w, https:\/\/csmacampagne.be\/secondaire\/wp-content\/uploads\/2022\/10\/Arrivee-gare-St-Roch-1-270x270.jpg 270w\" sizes=\"auto, (max-width: 960px) 100vw, 960px\" \/><\/a><\/figure>\n\n\n\n<figure class=\"wp-block-image size-large is-style-default\"><a href=\"https:\/\/csmacampagne.be\/secondaire\/wp-content\/uploads\/2022\/10\/La-comedie-du-livre-1.jpg\"><img loading=\"lazy\" decoding=\"async\" width=\"1800\" height=\"1800\" data-id=\"897\" src=\"https:\/\/csmacampagne.be\/secondaire\/wp-content\/uploads\/2022\/10\/La-comedie-du-livre-1.jpg\" alt=\"\" class=\"wp-image-897\" srcset=\"https:\/\/csmacampagne.be\/secondaire\/wp-content\/uploads\/2022\/10\/La-comedie-du-livre-1.jpg 1800w, https:\/\/csmacampagne.be\/secondaire\/wp-content\/uploads\/2022\/10\/La-comedie-du-livre-1-300x300.jpg 300w, https:\/\/csmacampagne.be\/secondaire\/wp-content\/uploads\/2022\/10\/La-comedie-du-livre-1-1024x1024.jpg 1024w, https:\/\/csmacampagne.be\/secondaire\/wp-content\/uploads\/2022\/10\/La-comedie-du-livre-1-150x150.jpg 150w, https:\/\/csmacampagne.be\/secondaire\/wp-content\/uploads\/2022\/10\/La-comedie-du-livre-1-768x768.jpg 768w, https:\/\/csmacampagne.be\/secondaire\/wp-content\/uploads\/2022\/10\/La-comedie-du-livre-1-1536x1536.jpg 1536w, https:\/\/csmacampagne.be\/secondaire\/wp-content\/uploads\/2022\/10\/La-comedie-du-livre-1-270x270.jpg 270w\" sizes=\"auto, (max-width: 1800px) 100vw, 1800px\" \/><\/a><\/figure>\n\n\n\n<figure class=\"wp-block-image size-large is-style-default\"><a href=\"https:\/\/csmacampagne.be\/secondaire\/wp-content\/uploads\/2022\/10\/Nos-eleves-en-Erasmus21-22.jpg\"><img loading=\"lazy\" decoding=\"async\" width=\"960\" height=\"960\" data-id=\"898\" src=\"https:\/\/csmacampagne.be\/secondaire\/wp-content\/uploads\/2022\/10\/Nos-eleves-en-Erasmus21-22.jpg\" alt=\"\" class=\"wp-image-898\" srcset=\"https:\/\/csmacampagne.be\/secondaire\/wp-content\/uploads\/2022\/10\/Nos-eleves-en-Erasmus21-22.jpg 960w, https:\/\/csmacampagne.be\/secondaire\/wp-content\/uploads\/2022\/10\/Nos-eleves-en-Erasmus21-22-300x300.jpg 300w, https:\/\/csmacampagne.be\/secondaire\/wp-content\/uploads\/2022\/10\/Nos-eleves-en-Erasmus21-22-150x150.jpg 150w, https:\/\/csmacampagne.be\/secondaire\/wp-content\/uploads\/2022\/10\/Nos-eleves-en-Erasmus21-22-768x768.jpg 768w, https:\/\/csmacampagne.be\/secondaire\/wp-content\/uploads\/2022\/10\/Nos-eleves-en-Erasmus21-22-270x270.jpg 270w\" sizes=\"auto, (max-width: 960px) 100vw, 960px\" \/><\/a><\/figure>\n\n\n\n<figure class=\"wp-block-image size-large is-style-default\"><a href=\"https:\/\/csmacampagne.be\/secondaire\/wp-content\/uploads\/2022\/10\/Preparation-aux-visites-lieux-de-stage-Montpellier.jpg\"><img loading=\"lazy\" decoding=\"async\" width=\"1800\" height=\"1800\" data-id=\"899\" src=\"https:\/\/csmacampagne.be\/secondaire\/wp-content\/uploads\/2022\/10\/Preparation-aux-visites-lieux-de-stage-Montpellier.jpg\" alt=\"\" class=\"wp-image-899\" srcset=\"https:\/\/csmacampagne.be\/secondaire\/wp-content\/uploads\/2022\/10\/Preparation-aux-visites-lieux-de-stage-Montpellier.jpg 1800w, https:\/\/csmacampagne.be\/secondaire\/wp-content\/uploads\/2022\/10\/Preparation-aux-visites-lieux-de-stage-Montpellier-300x300.jpg 300w, https:\/\/csmacampagne.be\/secondaire\/wp-content\/uploads\/2022\/10\/Preparation-aux-visites-lieux-de-stage-Montpellier-1024x1024.jpg 1024w, https:\/\/csmacampagne.be\/secondaire\/wp-content\/uploads\/2022\/10\/Preparation-aux-visites-lieux-de-stage-Montpellier-150x150.jpg 150w, https:\/\/csmacampagne.be\/secondaire\/wp-content\/uploads\/2022\/10\/Preparation-aux-visites-lieux-de-stage-Montpellier-768x768.jpg 768w, https:\/\/csmacampagne.be\/secondaire\/wp-content\/uploads\/2022\/10\/Preparation-aux-visites-lieux-de-stage-Montpellier-1536x1536.jpg 1536w, https:\/\/csmacampagne.be\/secondaire\/wp-content\/uploads\/2022\/10\/Preparation-aux-visites-lieux-de-stage-Montpellier-270x270.jpg 270w\" sizes=\"auto, (max-width: 1800px) 100vw, 1800px\" \/><\/a><\/figure>\n\n\n\n<figure class=\"wp-block-image size-large is-style-default\"><a href=\"https:\/\/csmacampagne.be\/secondaire\/wp-content\/uploads\/2022\/10\/Rencontre-avec-eleves-a-Gallargues.jpg\"><img loading=\"lazy\" decoding=\"async\" width=\"1800\" height=\"1800\" data-id=\"900\" src=\"https:\/\/csmacampagne.be\/secondaire\/wp-content\/uploads\/2022\/10\/Rencontre-avec-eleves-a-Gallargues.jpg\" alt=\"\" class=\"wp-image-900\" srcset=\"https:\/\/csmacampagne.be\/secondaire\/wp-content\/uploads\/2022\/10\/Rencontre-avec-eleves-a-Gallargues.jpg 1800w, https:\/\/csmacampagne.be\/secondaire\/wp-content\/uploads\/2022\/10\/Rencontre-avec-eleves-a-Gallargues-300x300.jpg 300w, https:\/\/csmacampagne.be\/secondaire\/wp-content\/uploads\/2022\/10\/Rencontre-avec-eleves-a-Gallargues-1024x1024.jpg 1024w, https:\/\/csmacampagne.be\/secondaire\/wp-content\/uploads\/2022\/10\/Rencontre-avec-eleves-a-Gallargues-150x150.jpg 150w, https:\/\/csmacampagne.be\/secondaire\/wp-content\/uploads\/2022\/10\/Rencontre-avec-eleves-a-Gallargues-768x768.jpg 768w, https:\/\/csmacampagne.be\/secondaire\/wp-content\/uploads\/2022\/10\/Rencontre-avec-eleves-a-Gallargues-1536x1536.jpg 1536w, https:\/\/csmacampagne.be\/secondaire\/wp-content\/uploads\/2022\/10\/Rencontre-avec-eleves-a-Gallargues-270x270.jpg 270w\" sizes=\"auto, (max-width: 1800px) 100vw, 1800px\" \/><\/a><\/figure>\n\n\n\n<figure class=\"wp-block-image size-large is-style-default\"><a href=\"https:\/\/csmacampagne.be\/secondaire\/wp-content\/uploads\/2022\/10\/Rencontre-eleves-francais-a-CSMC.jpg\"><img loading=\"lazy\" decoding=\"async\" width=\"960\" height=\"960\" data-id=\"901\" src=\"https:\/\/csmacampagne.be\/secondaire\/wp-content\/uploads\/2022\/10\/Rencontre-eleves-francais-a-CSMC.jpg\" alt=\"\" class=\"wp-image-901\" srcset=\"https:\/\/csmacampagne.be\/secondaire\/wp-content\/uploads\/2022\/10\/Rencontre-eleves-francais-a-CSMC.jpg 960w, https:\/\/csmacampagne.be\/secondaire\/wp-content\/uploads\/2022\/10\/Rencontre-eleves-francais-a-CSMC-300x300.jpg 300w, https:\/\/csmacampagne.be\/secondaire\/wp-content\/uploads\/2022\/10\/Rencontre-eleves-francais-a-CSMC-150x150.jpg 150w, https:\/\/csmacampagne.be\/secondaire\/wp-content\/uploads\/2022\/10\/Rencontre-eleves-francais-a-CSMC-768x768.jpg 768w, https:\/\/csmacampagne.be\/secondaire\/wp-content\/uploads\/2022\/10\/Rencontre-eleves-francais-a-CSMC-270x270.jpg 270w\" sizes=\"auto, (max-width: 960px) 100vw, 960px\" \/><\/a><\/figure>\n\n\n\n<figure class=\"wp-block-image size-large is-style-default\"><a href=\"https:\/\/csmacampagne.be\/secondaire\/wp-content\/uploads\/2022\/10\/Rencontre-inattendue.jpg\"><img loading=\"lazy\" decoding=\"async\" width=\"960\" height=\"960\" data-id=\"902\" src=\"https:\/\/csmacampagne.be\/secondaire\/wp-content\/uploads\/2022\/10\/Rencontre-inattendue.jpg\" alt=\"\" class=\"wp-image-902\" srcset=\"https:\/\/csmacampagne.be\/secondaire\/wp-content\/uploads\/2022\/10\/Rencontre-inattendue.jpg 960w, https:\/\/csmacampagne.be\/secondaire\/wp-content\/uploads\/2022\/10\/Rencontre-inattendue-300x300.jpg 300w, https:\/\/csmacampagne.be\/secondaire\/wp-content\/uploads\/2022\/10\/Rencontre-inattendue-150x150.jpg 150w, https:\/\/csmacampagne.be\/secondaire\/wp-content\/uploads\/2022\/10\/Rencontre-inattendue-768x768.jpg 768w, https:\/\/csmacampagne.be\/secondaire\/wp-content\/uploads\/2022\/10\/Rencontre-inattendue-270x270.jpg 270w\" sizes=\"auto, (max-width: 960px) 100vw, 960px\" \/><\/a><\/figure>\n\n\n\n<figure class=\"wp-block-image size-large is-style-default\"><a href=\"https:\/\/csmacampagne.be\/secondaire\/wp-content\/uploads\/2022\/10\/Stage-creche-Montpellier1.jpg\"><img loading=\"lazy\" decoding=\"async\" width=\"1800\" height=\"1800\" data-id=\"903\" src=\"https:\/\/csmacampagne.be\/secondaire\/wp-content\/uploads\/2022\/10\/Stage-creche-Montpellier1.jpg\" alt=\"\" class=\"wp-image-903\" srcset=\"https:\/\/csmacampagne.be\/secondaire\/wp-content\/uploads\/2022\/10\/Stage-creche-Montpellier1.jpg 1800w, https:\/\/csmacampagne.be\/secondaire\/wp-content\/uploads\/2022\/10\/Stage-creche-Montpellier1-300x300.jpg 300w, https:\/\/csmacampagne.be\/secondaire\/wp-content\/uploads\/2022\/10\/Stage-creche-Montpellier1-1024x1024.jpg 1024w, https:\/\/csmacampagne.be\/secondaire\/wp-content\/uploads\/2022\/10\/Stage-creche-Montpellier1-150x150.jpg 150w, https:\/\/csmacampagne.be\/secondaire\/wp-content\/uploads\/2022\/10\/Stage-creche-Montpellier1-768x768.jpg 768w, https:\/\/csmacampagne.be\/secondaire\/wp-content\/uploads\/2022\/10\/Stage-creche-Montpellier1-1536x1536.jpg 1536w, https:\/\/csmacampagne.be\/secondaire\/wp-content\/uploads\/2022\/10\/Stage-creche-Montpellier1-270x270.jpg 270w\" sizes=\"auto, (max-width: 1800px) 100vw, 1800px\" \/><\/a><\/figure>\n\n\n\n<figure class=\"wp-block-image size-large is-style-default\"><a href=\"https:\/\/csmacampagne.be\/secondaire\/wp-content\/uploads\/2022\/10\/Stage-creche-Montpellier2.jpg\"><img loading=\"lazy\" decoding=\"async\" width=\"1800\" height=\"1800\" data-id=\"904\" src=\"https:\/\/csmacampagne.be\/secondaire\/wp-content\/uploads\/2022\/10\/Stage-creche-Montpellier2.jpg\" alt=\"\" class=\"wp-image-904\" srcset=\"https:\/\/csmacampagne.be\/secondaire\/wp-content\/uploads\/2022\/10\/Stage-creche-Montpellier2.jpg 1800w, https:\/\/csmacampagne.be\/secondaire\/wp-content\/uploads\/2022\/10\/Stage-creche-Montpellier2-300x300.jpg 300w, https:\/\/csmacampagne.be\/secondaire\/wp-content\/uploads\/2022\/10\/Stage-creche-Montpellier2-1024x1024.jpg 1024w, https:\/\/csmacampagne.be\/secondaire\/wp-content\/uploads\/2022\/10\/Stage-creche-Montpellier2-150x150.jpg 150w, https:\/\/csmacampagne.be\/secondaire\/wp-content\/uploads\/2022\/10\/Stage-creche-Montpellier2-768x768.jpg 768w, https:\/\/csmacampagne.be\/secondaire\/wp-content\/uploads\/2022\/10\/Stage-creche-Montpellier2-1536x1536.jpg 1536w, https:\/\/csmacampagne.be\/secondaire\/wp-content\/uploads\/2022\/10\/Stage-creche-Montpellier2-270x270.jpg 270w\" sizes=\"auto, (max-width: 1800px) 100vw, 1800px\" \/><\/a><\/figure>\n\n\n\n<figure class=\"wp-block-image size-large is-style-default\"><a href=\"https:\/\/csmacampagne.be\/secondaire\/wp-content\/uploads\/2022\/10\/Stage-creche-Montpellier3.jpg\"><img loading=\"lazy\" decoding=\"async\" width=\"1800\" height=\"1800\" data-id=\"905\" src=\"https:\/\/csmacampagne.be\/secondaire\/wp-content\/uploads\/2022\/10\/Stage-creche-Montpellier3.jpg\" alt=\"\" class=\"wp-image-905\" srcset=\"https:\/\/csmacampagne.be\/secondaire\/wp-content\/uploads\/2022\/10\/Stage-creche-Montpellier3.jpg 1800w, https:\/\/csmacampagne.be\/secondaire\/wp-content\/uploads\/2022\/10\/Stage-creche-Montpellier3-300x300.jpg 300w, https:\/\/csmacampagne.be\/secondaire\/wp-content\/uploads\/2022\/10\/Stage-creche-Montpellier3-1024x1024.jpg 1024w, https:\/\/csmacampagne.be\/secondaire\/wp-content\/uploads\/2022\/10\/Stage-creche-Montpellier3-150x150.jpg 150w, https:\/\/csmacampagne.be\/secondaire\/wp-content\/uploads\/2022\/10\/Stage-creche-Montpellier3-768x768.jpg 768w, https:\/\/csmacampagne.be\/secondaire\/wp-content\/uploads\/2022\/10\/Stage-creche-Montpellier3-1536x1536.jpg 1536w, https:\/\/csmacampagne.be\/secondaire\/wp-content\/uploads\/2022\/10\/Stage-creche-Montpellier3-270x270.jpg 270w\" sizes=\"auto, (max-width: 1800px) 100vw, 1800px\" \/><\/a><\/figure>\n\n\n\n<figure class=\"wp-block-image size-large is-style-default\"><a href=\"https:\/\/csmacampagne.be\/secondaire\/wp-content\/uploads\/2022\/10\/Visite-du-parlement-Europeen.jpg\"><img loading=\"lazy\" decoding=\"async\" width=\"1800\" height=\"1800\" data-id=\"906\" src=\"https:\/\/csmacampagne.be\/secondaire\/wp-content\/uploads\/2022\/10\/Visite-du-parlement-Europeen.jpg\" alt=\"\" class=\"wp-image-906\" srcset=\"https:\/\/csmacampagne.be\/secondaire\/wp-content\/uploads\/2022\/10\/Visite-du-parlement-Europeen.jpg 1800w, https:\/\/csmacampagne.be\/secondaire\/wp-content\/uploads\/2022\/10\/Visite-du-parlement-Europeen-300x300.jpg 300w, https:\/\/csmacampagne.be\/secondaire\/wp-content\/uploads\/2022\/10\/Visite-du-parlement-Europeen-1024x1024.jpg 1024w, https:\/\/csmacampagne.be\/secondaire\/wp-content\/uploads\/2022\/10\/Visite-du-parlement-Europeen-150x150.jpg 150w, https:\/\/csmacampagne.be\/secondaire\/wp-content\/uploads\/2022\/10\/Visite-du-parlement-Europeen-768x768.jpg 768w, https:\/\/csmacampagne.be\/secondaire\/wp-content\/uploads\/2022\/10\/Visite-du-parlement-Europeen-1536x1536.jpg 1536w, https:\/\/csmacampagne.be\/secondaire\/wp-content\/uploads\/2022\/10\/Visite-du-parlement-Europeen-270x270.jpg 270w\" sizes=\"auto, (max-width: 1800px) 100vw, 1800px\" \/><\/a><\/figure>\n\n\n\n<figure class=\"wp-block-image size-large is-style-default\"><a href=\"https:\/\/csmacampagne.be\/secondaire\/wp-content\/uploads\/2022\/10\/Visite-guidee3.jpg\"><img loading=\"lazy\" decoding=\"async\" width=\"1800\" height=\"1800\" data-id=\"907\" src=\"https:\/\/csmacampagne.be\/secondaire\/wp-content\/uploads\/2022\/10\/Visite-guidee3.jpg\" alt=\"\" class=\"wp-image-907\" srcset=\"https:\/\/csmacampagne.be\/secondaire\/wp-content\/uploads\/2022\/10\/Visite-guidee3.jpg 1800w, https:\/\/csmacampagne.be\/secondaire\/wp-content\/uploads\/2022\/10\/Visite-guidee3-300x300.jpg 300w, https:\/\/csmacampagne.be\/secondaire\/wp-content\/uploads\/2022\/10\/Visite-guidee3-1024x1024.jpg 1024w, https:\/\/csmacampagne.be\/secondaire\/wp-content\/uploads\/2022\/10\/Visite-guidee3-150x150.jpg 150w, https:\/\/csmacampagne.be\/secondaire\/wp-content\/uploads\/2022\/10\/Visite-guidee3-768x768.jpg 768w, https:\/\/csmacampagne.be\/secondaire\/wp-content\/uploads\/2022\/10\/Visite-guidee3-1536x1536.jpg 1536w, https:\/\/csmacampagne.be\/secondaire\/wp-content\/uploads\/2022\/10\/Visite-guidee3-270x270.jpg 270w\" sizes=\"auto, (max-width: 1800px) 100vw, 1800px\" \/><\/a><\/figure>\n\n\n\n<figure class=\"wp-block-image size-large is-style-default\"><a href=\"https:\/\/csmacampagne.be\/secondaire\/wp-content\/uploads\/2022\/10\/Visite-guidees2.jpg\"><img loading=\"lazy\" decoding=\"async\" width=\"960\" height=\"960\" data-id=\"908\" src=\"https:\/\/csmacampagne.be\/secondaire\/wp-content\/uploads\/2022\/10\/Visite-guidees2.jpg\" alt=\"\" class=\"wp-image-908\" srcset=\"https:\/\/csmacampagne.be\/secondaire\/wp-content\/uploads\/2022\/10\/Visite-guidees2.jpg 960w, https:\/\/csmacampagne.be\/secondaire\/wp-content\/uploads\/2022\/10\/Visite-guidees2-300x300.jpg 300w, https:\/\/csmacampagne.be\/secondaire\/wp-content\/uploads\/2022\/10\/Visite-guidees2-150x150.jpg 150w, https:\/\/csmacampagne.be\/secondaire\/wp-content\/uploads\/2022\/10\/Visite-guidees2-768x768.jpg 768w, https:\/\/csmacampagne.be\/secondaire\/wp-content\/uploads\/2022\/10\/Visite-guidees2-270x270.jpg 270w\" sizes=\"auto, (max-width: 960px) 100vw, 960px\" \/><\/a><\/figure>\n<\/figure>\n","protected":false},"excerpt":{"rendered":"<p>L\u2019ann\u00e9e derni\u00e8re, apr\u00e8s un report d\u2019un an en raison de l\u2019\u00e9pid\u00e9mie de Covid, nos \u00e9l\u00e8ves de 7\u00e8me pu\u00e9riculture ont enfin pu mener \u00e0 bien leur projet Erasmus+. Quelques mois de pr\u00e9paration, beaucoup d\u2019investissement de leur part, une motivation extraordinaire et ils \u00e9taient pr\u00eats pour le voyage. Un voyage qui les a emmen\u00e9s \u00e0 Montpellier dans le sud de la France pour y effectuer le dernier stage de leur formation. Quatre semaines dans les cr\u00e8ches de la ville pour d\u00e9couvrir une&#8230;<\/p>\n<p class=\"read-more\"><a class=\"btn btn-default\" href=\"https:\/\/csmacampagne.be\/secondaire\/retrospective-erasmus-2021\/\"> Read More<span class=\"screen-reader-text\">  Read More<\/span><\/a><\/p>\n","protected":false},"author":3,"featured_media":0,"comment_status":"closed","ping_status":"closed","sticky":false,"template":"","format":"standard","meta":{"footnotes":""},"categories":[9,5,8],"tags":[],"class_list":["post-894","post","type-post","status-publish","format-standard","hentry","category-a-la-une","category-divers","category-vie-de-lecole"],"_links":{"self":[{"href":"https:\/\/csmacampagne.be\/secondaire\/wp-json\/wp\/v2\/posts\/894","targetHints":{"allow":["GET"]}}],"collection":[{"href":"https:\/\/csmacampagne.be\/secondaire\/wp-json\/wp\/v2\/posts"}],"about":[{"href":"https:\/\/csmacampagne.be\/secondaire\/wp-json\/wp\/v2\/types\/post"}],"author":[{"embeddable":true,"href":"https:\/\/csmacampagne.be\/secondaire\/wp-json\/wp\/v2\/users\/3"}],"replies":[{"embeddable":true,"href":"https:\/\/csmacampagne.be\/secondaire\/wp-json\/wp\/v2\/comments?post=894"}],"version-history":[{"count":5,"href":"https:\/\/csmacampagne.be\/secondaire\/wp-json\/wp\/v2\/posts\/894\/revisions"}],"predecessor-version":[{"id":914,"href":"https:\/\/csmacampagne.be\/secondaire\/wp-json\/wp\/v2\/posts\/894\/revisions\/914"}],"wp:attachment":[{"href":"https:\/\/csmacampagne.be\/secondaire\/wp-json\/wp\/v2\/media?parent=894"}],"wp:term":[{"taxonomy":"category","embeddable":true,"href":"https:\/\/csmacampagne.be\/secondaire\/wp-json\/wp\/v2\/categories?post=894"},{"taxonomy":"post_tag","embeddable":true,"href":"https:\/\/csmacampagne.be\/secondaire\/wp-json\/wp\/v2\/tags?post=894"}],"curies":[{"name":"wp","href":"https:\/\/api.w.org\/{rel}","templated":true}]}}